[{"@context":"https:\/\/schema.org\/","@type":"Article","@id":"https:\/\/www.coteese.cz\/a-jak-se-oblekate-vy\/#Article","mainEntityOfPage":"https:\/\/www.coteese.cz\/a-jak-se-oblekate-vy\/","headline":"A jak se obl\u00e9k\u00e1te vy?","name":"A jak se obl\u00e9k\u00e1te vy?","description":"&#13; Samoz\u0159ejm\u011b dne\u0161n\u00ed doba umo\u017e\u0148uje nosit tak\u0159ka v\u0161echno. Oble\u010den\u00ed si lid\u00e9 p\u0159izp\u016fsobuj\u00ed samoz\u0159ejm\u011b tomu, co d\u011blaj\u00ed, na co maj\u00ed pen\u00edze a ur\u010dit\u011b tak\u00e9 tomu, co <a class=\"mh-excerpt-more\" href=\"https:\/\/www.coteese.cz\/a-jak-se-oblekate-vy\/\" title=\"A jak se obl\u00e9k\u00e1te vy?\">[...]<\/a>","datePublished":"2016-12-30","dateModified":"2023-05-05","author":{"@type":"Person","@id":"https:\/\/www.coteese.cz\/author\/#Person","name":"coteese.cz\n","url":"https:\/\/www.coteese.cz\/author\/","identifier":1,"image":{"@type":"ImageObject","@id":"https:\/\/secure.gravatar.com\/avatar\/56990d361a15c60249588fcd5c65556d1c39f993ac5e20b5abce42fd817b46e8?s=96&d=mm&r=g","url":"https:\/\/secure.gravatar.com\/avatar\/56990d361a15c60249588fcd5c65556d1c39f993ac5e20b5abce42fd817b46e8?s=96&d=mm&r=g","height":96,"width":96}},"publisher":{"@type":"Organization","name":"coteese.cz","logo":{"@type":"ImageObject","@id":"\/logo.png","url":"\/logo.png","width":600,"height":60}},"image":{"@type":"ImageObject","@id":"https:\/\/coteese.cz\/wp-content\/uploads\/img_a303836_w2317_t1514633884.jpg","url":"https:\/\/coteese.cz\/wp-content\/uploads\/img_a303836_w2317_t1514633884.jpg","height":"","width":""},"url":"https:\/\/www.coteese.cz\/a-jak-se-oblekate-vy\/","about":["Neza\u0159azen\u00e9"],"wordCount":514,"articleBody":"&#13;\tSamoz\u0159ejm\u011b dne\u0161n\u00ed doba umo\u017e\u0148uje nosit tak\u0159ka v\u0161echno. Oble\u010den\u00ed si lid\u00e9 p\u0159izp\u016fsobuj\u00ed samoz\u0159ejm\u011b tomu, co d\u011blaj\u00ed, na co maj\u00ed pen\u00edze a ur\u010dit\u011b tak\u00e9 tomu, co se opravdu nos\u00ed. Pokud v\u00edte, \u017ee se n\u011bco nos\u00ed a vyu\u017eijete pr\u00e1v\u011b vy do pr\u00e1ce, ur\u010dit\u011b se nech\u00e1te m\u00f3dou inspirovat. Pokud v\u0161ak b\u011bh\u00e1te po atletick\u00e9m stadionu za d\u011btmi ka\u017ed\u00fd den a k tomu cel\u00fd den, tak asi t\u011b\u017eko na p\u0159ejit\u00ed z domu na atletick\u00fd stadion, budete nosit byznys \u0161aty a lodi\u010dky s vysok\u00fdm podpatkem. Tak\u017ee tedy jak bylo \u0159e\u010deno, ka\u017ed\u00fd se v\u017edy obl\u00e9k\u00e1me podl\u00e9 m\u00f3dy, podle vlastn\u00edho vkusu, vlastn\u00edho zam\u011bstn\u00e1n\u00ed a sv\u00fdch mo\u017enost\u00ed a podle sv\u00e9ho obl\u00edben\u00e9ho m\u00f3dn\u00edho stylu.&#13;&#13;\t\u00a0&#13;&#13;\tV moment\u00e1ln\u00ed dob\u011b b\u011b\u017e\u00ed n\u011bkolik nov\u00fdch inspirativn\u00edch styl\u016f v obl\u00e9k\u00e1n\u00ed, kter\u00e9 by v\u00e1s mohly zaj\u00edmat.&#13;&#13;\t\u00a0&#13;&#13;\t\u2022\u00a0\u00a0\u00a0\u00a0\u00a0 Um\u011bleck\u00fd styl&#13;&#13;\tTento styl se n\u011bkdy ozna\u010duje jako art styl a tak\u00e9 diletantsk\u00fd m\u00f3dn\u00ed styl, proto\u017ee by m\u011bl podporovat v \u010dlov\u011bku nez\u00e1vislost a tvo\u0159ivost. Samoz\u0159ejm\u011b, \u017ee je ur\u010den pro v\u00fdjime\u010dn\u00e9 a odv\u00e1\u017en\u00e9 lidi. V\u011bt\u0161inou se prost\u011b pozn\u00e1 tak, \u017ee dan\u00e9 od\u011bvy nejsou b\u011b\u017en\u011b k vid\u011bn\u00ed a vypadaj\u00ed \u010di dokonce jsou vyr\u00e1b\u011bny p\u0159\u00edmo dan\u00fdmi lidmi. Typick\u00e9 pro tento styl jsou barevn\u00e9 kusy od\u011bv\u016f, kter\u00e9 p\u016fsob\u00ed jako omylem obarven\u00e9 \u010di se\u0161it\u00e9 z r\u016fzn\u00fdch trik atd. Samoz\u0159ejm\u011b jsou to v\u017edy p\u011bkn\u00e9 kousky od\u011bv\u016f, \u017e\u00e1dn\u00e9 trhan\u00e9 zbytky, ale opravdu p\u011bkn\u011b u\u0161it\u00e9 oble\u010den\u00ed.&#13;&#13;\t\u2022\u00a0\u00a0\u00a0\u00a0\u00a0 Rozpustil\u00fd styl&#13;&#13;\tRozpustil\u00fdm stylem se mysl\u00ed takov\u00fd, kter\u00fd je velmi jednoduch\u00fd a z\u00e1rove\u0148 modern\u00ed. N\u011bkdy se mu \u0159\u00edk\u00e1 tak\u00e9 Tomboy styl, co\u017e znamen\u00e1, \u017ee d\u00edvky nemaj\u00ed \u017e\u00e1dn\u00e9 kraje\u010dky, \u017e\u00e1dn\u00e9 dopl\u0148ky, nenos\u00ed d\u00edv\u010d\u00ed barvy a rozhodn\u011b tedy nemaj\u00ed \u017e\u00e1dnou r\u016f\u017eovou barvu na sob\u011b. Prost\u011b se jedn\u00e1 o takov\u00fd sp\u00ed\u0161e chlapeck\u00fd styl. Pohodln\u00e9 kalhoty, ko\u0161ile, n\u00edzk\u00e9 boty. &#13;&#13;\t\u2022\u00a0\u00a0\u00a0\u00a0\u00a0 Oby\u010dejn\u00e1 holka&#13;&#13;\tTento m\u00f3dn\u00ed styl je v t\u00e9to dob\u011b ji\u017e tak zvanou klasikou mezi m\u00f3dn\u00edmi styly. Nev\u011bnuje se zcela jen novink\u00e1m v m\u00f3d\u011b ani \u017e\u00e1dn\u00e9 extravaganci, ale pr\u00e1v\u011b v jednoduchosti. Je to tak zvan\u00fd styl holky od vedle, tak\u017ee mus\u00ed b\u00fdt \u010d\u00e1ste\u010dn\u011b roztomil\u00fd. M\u016f\u017eete si vz\u00edt kra\u0165asy, tri\u010dko s pruhem a oby\u010dejn\u00e9 tenisky.&#13;&#13;\t\u2022\u00a0\u00a0\u00a0\u00a0\u00a0 Hol\u010di\u010dka&#13;&#13;\tPokud jste \u017eenou a chcete se st\u00e1le obl\u00e9kat jako hol\u010di\u010dka, ale nechcete vypadat jako bl\u00e1zen, m\u016f\u017eete vyu\u017e\u00edt pr\u00e1v\u011b tohoto stylu. V podstat\u011b se jedn\u00e1 o vyu\u017eit\u00ed vintage stylu, tedy budete nosit krajky, vol\u00e1nky, kyti\u010dky, vol\u00e1nky, srd\u00ed\u010dka a samoz\u0159ejm\u011b sv\u011btl\u00e9 barvy jako je r\u016f\u017eov\u00e1, pastelov\u00e1 \u017elut\u00e1 a b\u00edl\u00e1. Prost\u011b romantika nejen pro mlad\u00e9 d\u00edvky, ale i pro d\u00e1my. &#13;                                                                                                                                                                                                                                                                                                                                                                                        4.2\/5 - (8 votes)        "},{"@context":"https:\/\/schema.org\/","@type":"BreadcrumbList","itemListElement":[{"@type":"ListItem","position":1,"name":"A jak se obl\u00e9k\u00e1te vy?","item":"https:\/\/www.coteese.cz\/a-jak-se-oblekate-vy\/#breadcrumbitem"}]}]