[{"@context":"https:\/\/schema.org\/","@type":"Article","@id":"https:\/\/www.coteese.cz\/dovolena-s-pronajatym-autem-na-severovychode-cech\/#Article","mainEntityOfPage":"https:\/\/www.coteese.cz\/dovolena-s-pronajatym-autem-na-severovychode-cech\/","headline":"Dovolen\u00e1 s pronajat\u00fdm autem na severov\u00fdchod\u011b \u010cech","name":"Dovolen\u00e1 s pronajat\u00fdm autem na severov\u00fdchod\u011b \u010cech","description":"Zam\u00ed\u0159\u00edte-li st\u0159elku kompasu z Prahy sm\u011brem na severov\u00fdchod, propoj\u00ed v\u00e1s to p\u0159\u00edm\u00fdm pr\u016fse\u010d\u00edkem s Krkono\u0161emi a Adr\u0161pa\u0161sko-teplick\u00fdmi skalami. A pr\u00e1v\u011b tam v\u00e1s zveme na dovolenou <a class=\"mh-excerpt-more\" href=\"https:\/\/www.coteese.cz\/dovolena-s-pronajatym-autem-na-severovychode-cech\/\" title=\"Dovolen\u00e1 s pronajat\u00fdm autem na severov\u00fdchod\u011b \u010cech\">[...]<\/a>","datePublished":"2025-04-07","dateModified":"2025-04-07","author":{"@type":"Person","@id":"https:\/\/www.coteese.cz\/author\/#Person","name":"coteese.cz\n","url":"https:\/\/www.coteese.cz\/author\/","identifier":1,"image":{"@type":"ImageObject","@id":"https:\/\/secure.gravatar.com\/avatar\/56990d361a15c60249588fcd5c65556d1c39f993ac5e20b5abce42fd817b46e8?s=96&d=mm&r=g","url":"https:\/\/secure.gravatar.com\/avatar\/56990d361a15c60249588fcd5c65556d1c39f993ac5e20b5abce42fd817b46e8?s=96&d=mm&r=g","height":96,"width":96}},"publisher":{"@type":"Organization","name":"coteese.cz","logo":{"@type":"ImageObject","@id":"\/logo.png","url":"\/logo.png","width":600,"height":60}},"image":{"@type":"ImageObject","@id":"https:\/\/www.coteese.cz\/wp-content\/uploads\/mati-3934594_640_1.jpg","url":"https:\/\/www.coteese.cz\/wp-content\/uploads\/mati-3934594_640_1.jpg","height":0,"width":0},"url":"https:\/\/www.coteese.cz\/dovolena-s-pronajatym-autem-na-severovychode-cech\/","about":["Slu\u017eby"],"wordCount":390,"articleBody":"   Zam\u00ed\u0159\u00edte-li st\u0159elku kompasu z Prahy sm\u011brem na severov\u00fdchod, propoj\u00ed v\u00e1s to p\u0159\u00edm\u00fdm pr\u016fse\u010d\u00edkem s Krkono\u0161emi a Adr\u0161pa\u0161sko-teplick\u00fdmi skalami. A pr\u00e1v\u011b tam v\u00e1s zveme na dovolenou s pronajat\u00fdm vozem z p\u016fj\u010dovny aut v Praze. Nejprve bychom mohli zam\u00ed\u0159it do Adr\u0161pachu, kde lze absolvovat prohl\u00eddku skaln\u00edho m\u011bsta, a za slune\u010dn\u00e9ho po\u010das\u00ed po\u0159\u00eddit i zaj\u00edmav\u00e9 fotografie. Z Adr\u0161pachu to nen\u00ed daleko do Svobody nad \u00dapou, odkud se p\u0159esuneme do Horn\u00ed Mal\u00e9 \u00dapy, do m\u00edst, kter\u00e1 nejsou v oble\u017een\u00ed turist\u016f tak, jako Adr\u0161pach anebo Pec pod Sn\u011b\u017ekou, p\u0159itom tu stoj\u00ed za to prohl\u00e9dnout si tamn\u00ed horsk\u00e9 prost\u0159ed\u00ed, nap\u0159\u00edklad Pomezn\u00ed boudy. Jestli\u017ee si zajist\u00edte nocleh pr\u00e1v\u011b zde, m\u016f\u017eete tu pro\u017e\u00edt kr\u00e1sn\u00e9 letn\u00ed dny.Dal\u0161\u00edm zaj\u00edmav\u00fdm zastaven\u00edm je P\u011bnkav\u010d\u00ed vrch. Tam se ale autem nedostanete, mus\u00edte jej ponechat na odstavn\u00e9m parkovi\u0161ti ve Velk\u00e9 \u00dap\u011b a vyv\u00e9zt se nahoru seda\u010dkovou lanovkou. P\u011bnkav\u010d\u00ed vrch je samota v tis\u00edci metrech nad mo\u0159em, velmi zaj\u00edmav\u00e9 a romantick\u00e9 m\u00edsto s hezk\u00fdm v\u00fdhledem. Chcete-li nav\u0161t\u00edvit zn\u00e1m\u00e1 m\u00edsta, kde je siln\u00fd turistick\u00fd provoz, pak zav\u00edtejte do \u0160pindlerova Ml\u00fdna, Jansk\u00fdch L\u00e1zn\u00ed \u010di Harrachova, ov\u0161em my bychom v\u00e1m sp\u00ed\u0161e doporu\u010dili pomez\u00ed Krkono\u0161 a Jizersk\u00fdch hor v Doln\u00ed Rokytnici nad Jizerou. Zde stoj\u00ed za vid\u011bn\u00ed vrch Studenov a lokalita pod Studenovem s kr\u00e1snou vyhl\u00eddkou na Lysou horu. P\u0159eklenete-li Studenov, dostanete se do harrachovsk\u00e9ho Ry\u017eovi\u0161t\u011b a k p\u0159ekr\u00e1sn\u00fdm Mumlavsk\u00fdm vodop\u00e1d\u016fm. V Krkono\u0161\u00edch se nach\u00e1z\u00ed unik\u00e1tn\u00ed oblast \u2013 \u201eseversk\u00e1 tundra v srdci Evropy\u201c, kterou ve st\u0159edu evropsk\u00e9ho kontinentu nikde jinde neobjev\u00edte. M\u016f\u017eete se k n\u00ed vypravit z Dvora\u010dek sm\u011brem na Kotel anebo z Horn\u00edch M\u00edse\u010dek k Harrachov\u00fdm kamen\u016fm a d\u00e1le na Pan\u010davskou a Labskou louku. Za slune\u010dn\u00e9ho po\u010das\u00ed je n\u00e1horn\u00ed plo\u0161ina v Krkono\u0161\u00edch nad Labskou boudou kouzeln\u00e9 m\u00edsto, kter\u00e9 by se mohlo zal\u00edbit i v\u00e1m.                                                                                                                                                                                                                                                                                                                                                                                          4.4\/5 - (7 votes)        "},{"@context":"https:\/\/schema.org\/","@type":"BreadcrumbList","itemListElement":[{"@type":"ListItem","position":1,"name":"Dovolen\u00e1 s pronajat\u00fdm autem na severov\u00fdchod\u011b \u010cech","item":"https:\/\/www.coteese.cz\/dovolena-s-pronajatym-autem-na-severovychode-cech\/#breadcrumbitem"}]}]