[{"@context":"https:\/\/schema.org\/","@type":"Article","@id":"https:\/\/www.coteese.cz\/hlava-derava\/#Article","mainEntityOfPage":"https:\/\/www.coteese.cz\/hlava-derava\/","headline":"Hlava derav\u00e1","name":"Hlava derav\u00e1","description":"Patr\u00edm do klubu z\u00e1budlivcov. \u010co si nenap\u00ed\u0161em, \u010di inak nepozna\u010d\u00edm, neviem. A niekedy zabudnem aj na to, \u010do som si pozna\u010dila. Mama mi u\u017e od <a class=\"mh-excerpt-more\" href=\"https:\/\/www.coteese.cz\/hlava-derava\/\" title=\"Hlava derav\u00e1\">[...]<\/a>","datePublished":"2023-12-04","dateModified":"2023-12-04","author":{"@type":"Person","@id":"https:\/\/www.coteese.cz\/author\/#Person","name":"coteese.cz\n","url":"https:\/\/www.coteese.cz\/author\/","identifier":1,"image":{"@type":"ImageObject","@id":"https:\/\/secure.gravatar.com\/avatar\/56990d361a15c60249588fcd5c65556d1c39f993ac5e20b5abce42fd817b46e8?s=96&d=mm&r=g","url":"https:\/\/secure.gravatar.com\/avatar\/56990d361a15c60249588fcd5c65556d1c39f993ac5e20b5abce42fd817b46e8?s=96&d=mm&r=g","height":96,"width":96}},"publisher":{"@type":"Organization","name":"coteese.cz","logo":{"@type":"ImageObject","@id":"\/logo.png","url":"\/logo.png","width":600,"height":60}},"url":"https:\/\/www.coteese.cz\/hlava-derava\/","wordCount":229,"articleBody":"Patr\u00edm do klubu z\u00e1budlivcov. \u010co si nenap\u00ed\u0161em, \u010di inak nepozna\u010d\u00edm, neviem. A niekedy zabudnem aj na to, \u010do som si pozna\u010dila. Mama mi u\u017e od mali\u010dka hovor\u00ed, \u017ee raz si niekde zabudnem aj hlavu. Zatia\u013e sa to nestalo, tak d\u00fafam, \u017ee to u\u017e ani nehroz\u00ed.\tV\u0161etci si n\u00e1jdu pozdravVe\u013ek\u00fa v\u00fdnimku ale tvor\u00ed n\u00e1kupn\u00fd zoznam. Samozrejme si ho p\u00ed\u0161em, ale je zvl\u00e1\u0161tne, \u017ee v\u017edy, ke\u010f ho dokon\u010d\u00edm, m\u00f4\u017eem ho rovno zahodi\u0165, preto\u017ee si zrazu v\u0161etko pam\u00e4t\u00e1m. Hor\u0161ie je to s pam\u00e4tn\u00fdmi d\u00e1tumami. Patr\u00edm k tomu mal\u00e9mu percentu \u017eien, ktor\u00e9 netrvaj\u00fa na ok\u00e1zal\u00fdch oslav\u00e1ch naroden\u00edn \u010di v\u00fdro\u010d\u00ed svadby, preto\u017ee si jednoducho m\u00e1lokedy spomeniem. Aj v decembri, zhruba okolo dvadsiateho zist\u00edm, \u017ee by bolo na\u010dim vymyslie\u0165 a posla\u0165 novoro\u010denky. Niekto to za\u010d\u00edna rie\u0161i\u0165 uprostred leta, aby nemali zbyto\u010dn\u00e9 starosti, ke\u010f to najmenej potrebuj\u00fa. Ja to v\u00e4\u010d\u0161inou stihnem len tak-tak, ale e\u0161te sa mi nestalo, aby som na niekoho zabudla. V\u0161etk\u00fdch d\u00f4le\u017eit\u00fdch \u013eud\u00ed svojho \u017eivota nem\u00e1m toti\u017e ulo\u017een\u00fdch len v hlave alebo na nejakom zozname, ale rovno v srdci a na to sa moja z\u00e1budlivos\u0165, na\u0161\u0165astie, nevz\u0165ahuje.                                                                                                                                                                                                                                                                                                                                                                                        3.4\/5 - (7 votes)        "},{"@context":"https:\/\/schema.org\/","@type":"BreadcrumbList","itemListElement":[{"@type":"ListItem","position":1,"name":"Hlava derav\u00e1","item":"https:\/\/www.coteese.cz\/hlava-derava\/#breadcrumbitem"}]}]